{"headers": {"id": "ID", "periodo": "Per\u00edodo", "titulo": "Mat\u00e9ria", "autor": "Autor", "ementa": "Ementa", "situacao": "Situa\u00e7\u00e3o"}, "results": [{"id": 5329, "periodo": "ordem dia", "titulo": "Indica\u00e7\u00e3o n\u00ba 26 de 2025", "autor": "DIOGO", "ementa": "O Vereador signat\u00e1rio, no uso de sua fun\u00e7\u00e3o legislativa e nos termos regimentais, REQUER de Vossa Excel\u00eancia, ap\u00f3s ouvido o Plen\u00e1rio, que seja enviado expediente ao Chefe do Poder Executivo Municipal, para que o mesmo, dentro das possibilidades, possa realizar a pavimenta\u00e7\u00e3o do trecho localizado entre a Delegacia de Pol\u00edcia do munic\u00edpio e a parte de tr\u00e1s do gin\u00e1sio de esportes Dr. Jor\u00e1cio Mamede Galv\u00e3o.", "situacao": "N\u00e3o informada"}, {"id": 5330, "periodo": "ordem dia", "titulo": "Indica\u00e7\u00e3o n\u00ba 27 de 2025", "autor": "GIRLENE", "ementa": "O Vereador signat\u00e1rio, no uso de sua fun\u00e7\u00e3o legislativa e nos termos regimentais, REQUER de Vossa Excel\u00eancia, ap\u00f3s ouvido o Plen\u00e1rio, que seja enviado expediente ao Chefe do Poder Executivo Municipal, para que o mesmo, dentro das possibilidades, possa construir um quebra-molas nas proximidades do PSF do bairro Petr\u00f3polis.", "situacao": "N\u00e3o informada"}, {"id": 5331, "periodo": "ordem dia", "titulo": "Indica\u00e7\u00e3o n\u00ba 28 de 2025", "autor": "GIRLENE,PALOMA", "ementa": "OS Vereadores signat\u00e1rios, no uso de suas fun\u00e7\u00f5es legislativas e nos termos regimentais, REQUEREM de Vossa Excel\u00eancia, ap\u00f3s ouvido o Plen\u00e1rio, que seja enviado expediente ao Chefe do Poder Executivo Municipal, para que o mesmo, dentro das possibilidades, possa implantar aulas de refor\u00e7o nas escolas municipais.", "situacao": "N\u00e3o informada"}, {"id": 5332, "periodo": "ordem dia", "titulo": "Indica\u00e7\u00e3o n\u00ba 29 de 2025", "autor": "BADA", "ementa": "O Vereador signat\u00e1rio, no uso de sua fun\u00e7\u00e3o legislativa e nos termos regimentais, REQUER de Vossa Excel\u00eancia, ap\u00f3s ouvido o Plen\u00e1rio, que seja enviado expediente ao Chefe do Poder Executivo Municipal, para que o mesmo, dentro das possibilidades, possa disponibilizar uma ambul\u00e2ncia durante a pr\u00e1tica do \u201cProjeto Sa\u00fade em Movimento\u201d.", "situacao": "N\u00e3o informada"}, {"id": 5333, "periodo": "ordem dia", "titulo": "Indica\u00e7\u00e3o n\u00ba 30 de 2025", "autor": "IARA", "ementa": "A Vereadora signat\u00e1ria, no uso de sua fun\u00e7\u00e3o legislativa e nos termos regimentais, REQUER de Vossa Excel\u00eancia, ap\u00f3s ouvido o Plen\u00e1rio, que seja enviado expediente ao Chefe do Poder Executivo Municipal, para que o mesmo, dentro das possibilidades, possa pavimentar o complemento da rua 11 de Abril, bairro Padre Jos\u00e9 Dantas Cortez.", "situacao": "N\u00e3o informada"}, {"id": 5334, "periodo": "ordem dia", "titulo": "Indica\u00e7\u00e3o n\u00ba 31 de 2025", "autor": "IARA", "ementa": "A Vereadora signat\u00e1ria, no uso de sua fun\u00e7\u00e3o legislativa e nos termos regimentais, REQUER de Vossa Excel\u00eancia, ap\u00f3s ouvido o Plen\u00e1rio, que seja enviado expediente ao Chefe do Poder Executivo Municipal, para que o mesmo, dentro das possibilidades, possa construir uma lombada entre as ruas Isa Liana de Ara\u00fajo e Jos\u00e9 F\u00e9lix da Silva, bairro Petr\u00f3polis.", "situacao": "N\u00e3o informada"}, {"id": 5328, "periodo": "ordem dia", "titulo": "Projeto de Lei - Poder Legislativo n\u00ba 2 de 2025", "autor": "GIRLENE", "ementa": "Disp\u00f5e sobre a institui\u00e7\u00e3o do \u201cDia Municipal da Seresta\u201d no munic\u00edpio de Acari/RN e d\u00e1 outras provid\u00eancias.", "situacao": "Inclu\u00eddo na Ordem do Dia"}]}