{"id":5317,"__str__":"Indica\u00e7\u00e3o n\u00ba 19 de 2025","link_detail_backend":"/materia/5317","metadata":{"signs":{"texto_original":{"admin":[],"autores":[["Diogo Bezerra Duarte",["2025-03-24T10:43:48-03:00","ICP-Brasil - AC SyngularID Multipla"]],["Francisco das Chagas Medeiros Junior",["2025-03-24T10:44:33-03:00","ICP-Brasil - AC SyngularID Multipla"]],["Girlene Edson de Oliveira Amaro",["2025-03-24T11:20:31-03:00","ICP-Brasil - AC SyngularID Multipla"]],["Iara Cabral de Medeiros Silva",["2025-03-24T11:21:03-03:00","ICP-Brasil - AC SyngularID Multipla"]],["Jose Rivaldo Lima",["2025-03-24T11:21:28-03:00","ICP-Brasil - AC SyngularID Multipla"]],["Nenilvan Rodrigues Bezerra",["2025-03-24T11:21:47-03:00","ICP-Brasil - AC SyngularID Multipla"]],["Paloma Vitoria da Silva Baracho",["2025-03-24T11:22:14-03:00","ICP-Brasil"]],["Rafael Bezerra de Brito Araujo",["2025-03-24T11:22:44-03:00","ICP-Brasil"]],["Zuil Ribeiro da Silva",["2025-03-24T11:23:37-03:00","ICP-Brasil - AC SyngularID Multipla"]]]}}},"numero":19,"ano":2025,"numero_protocolo":null,"data_apresentacao":"2025-03-24","tipo_apresentacao":"","data_publicacao":null,"numero_origem_externa":"","ano_origem_externa":null,"data_origem_externa":null,"apelido":"","dias_prazo":null,"data_fim_prazo":null,"em_tramitacao":false,"polemica":false,"objeto":"","complementar":false,"ementa":"Os Vereadores signat\u00e1rios, no uso de suas fun\u00e7\u00f5es legislativas, e nos termos regimentais, REQUEREM de Vossa Excel\u00eancia, ap\u00f3s ouvido o Plen\u00e1rio, que sejam aprovados os nomes das agraciadas para a Comenda Municipal do M\u00e9rito Antonieta Pires Galv\u00e3o de G\u00f3es no ano de 2025, conforme indica\u00e7\u00e3o coletiva assinada pelos 09 (nove) Vereadores.","indexacao":"","observacao":"","resultado":"","texto_original":"http://sapl.acari.rn.leg.br/media/sapl/public/materialegislativa/2025/5317/indicacao_no_019-2025-coletiva.pdf","data_ultima_atualizacao":"2025-03-24T12:18:17.566283-03:00","ip":"131.221.196.9","ultima_edicao":"2025-03-24T12:16:17.364952-03:00","tipo":8,"regime_tramitacao":1,"tipo_origem_externa":null,"local_origem_externa":null,"user":16,"anexadas":[],"autores":[22,51,32,52,53,23,38,37,10]}