{"id":4918,"__str__":"Indica\u00e7\u00e3o n\u00ba 94 de 2023","link_detail_backend":"/materia/4918","metadata":{"signs":{"texto_original":{"admin":[],"autores":[["Albervania Silva de Medeiros Costa",["2023-12-04T10:11:52-03:00","ICP-Brasil"]]]}}},"numero":94,"ano":2023,"numero_protocolo":null,"data_apresentacao":"2023-12-04","tipo_apresentacao":"E","data_publicacao":null,"numero_origem_externa":"","ano_origem_externa":null,"data_origem_externa":null,"apelido":"","dias_prazo":null,"data_fim_prazo":null,"em_tramitacao":false,"polemica":false,"objeto":"","complementar":false,"ementa":"A Vereadora signat\u00e1ria, no uso de sua fun\u00e7\u00e3o legislativa, e, nos termos regimentais, REQUER de Vossa Excel\u00eancia, depois de ouvido o Plen\u00e1rio seja enviado expediente ao Chefe do Poder Executivo Municipal, para que o mesmo, dentro das possibilidades, possa construir uma Pra\u00e7a no Povoado Bulh\u00f5es.","indexacao":"","observacao":"","resultado":"","texto_original":"http://sapl.acari.rn.leg.br/media/sapl/public/materialegislativa/2023/4918/indicacao_no_094-2023-asmc.pdf","data_ultima_atualizacao":"2023-12-04T11:10:11.195025-03:00","ip":"131.221.196.9","ultima_edicao":"2023-12-04T11:07:06.822734-03:00","tipo":8,"regime_tramitacao":1,"tipo_origem_externa":null,"local_origem_externa":null,"user":16,"anexadas":[],"autores":[27]}