{"id":4915,"__str__":"Indica\u00e7\u00e3o n\u00ba 91 de 2023","link_detail_backend":"/materia/4915","metadata":{"signs":{"texto_original":{"admin":[],"autores":[["Paloma Vitoria da Silva Baracho",["2023-12-04T10:03:49-03:00","ICP-Brasil"]]]}}},"numero":91,"ano":2023,"numero_protocolo":null,"data_apresentacao":"2023-12-04","tipo_apresentacao":"E","data_publicacao":null,"numero_origem_externa":"","ano_origem_externa":null,"data_origem_externa":null,"apelido":"","dias_prazo":null,"data_fim_prazo":null,"em_tramitacao":false,"polemica":false,"objeto":"","complementar":false,"ementa":"A Vereadora signat\u00e1ria no uso de suas fun\u00e7\u00f5es legislativas e nos termos regimentais REQUER de Vossa Excel\u00eancia, depois de ouvido o Plen\u00e1rio, seja enviado expediente ao Chefe do Poder Executivo Municipal, para que o mesmo, dentro das possibilidades, possa realizar o servi\u00e7o de recupera\u00e7\u00e3o das placas de identifica\u00e7\u00e3o das unidades b\u00e1sicas de sa\u00fade do munic\u00edpio.","indexacao":"","observacao":"","resultado":"","texto_original":"http://sapl.acari.rn.leg.br/media/sapl/public/materialegislativa/2023/4915/indicacao_no_091-2023-pvsb.pdf","data_ultima_atualizacao":"2023-12-04T11:04:09.850242-03:00","ip":"131.221.196.9","ultima_edicao":"2023-12-04T11:02:06.194375-03:00","tipo":8,"regime_tramitacao":1,"tipo_origem_externa":null,"local_origem_externa":null,"user":16,"anexadas":[],"autores":[38]}