{"id":4911,"__str__":"Projeto de Lei - Poder Executivo n\u00ba 25 de 2023","link_detail_backend":"/materia/4911","metadata":{},"numero":25,"ano":2023,"numero_protocolo":null,"data_apresentacao":"2023-11-20","tipo_apresentacao":"E","data_publicacao":null,"numero_origem_externa":"","ano_origem_externa":null,"data_origem_externa":null,"apelido":"","dias_prazo":null,"data_fim_prazo":null,"em_tramitacao":false,"polemica":false,"objeto":"","complementar":false,"ementa":"Institui a Semana Municipal de Preven\u00e7\u00e3o ao Uso de Drogas e Conscientiza\u00e7\u00e3o da Juventude e revoga a Lei Municipal n\u00ba 925, de 12 de mar\u00e7o de 2010 e d\u00e1 outras provid\u00eancias.","indexacao":"","observacao":"","resultado":"","texto_original":"http://sapl.acari.rn.leg.br/media/sapl/public/materialegislativa/2023/4911/projeto_de_lei_no_25_-_institui_a_semana_municipal_de_prevencao_ao_uso_de_drogas_e_conscientizacao_da_juventude_e_da_outras_providencias.pdf","data_ultima_atualizacao":"2023-11-27T11:29:03.048409-03:00","ip":"131.221.196.9","ultima_edicao":"2023-11-27T11:24:19.713464-03:00","tipo":19,"regime_tramitacao":1,"tipo_origem_externa":null,"local_origem_externa":null,"user":16,"anexadas":[],"autores":[41]}