{"id":4909,"__str__":"Mo\u00e7\u00e3o n\u00ba 1 de 2023","link_detail_backend":"/materia/4909","metadata":{},"numero":1,"ano":2023,"numero_protocolo":null,"data_apresentacao":"2023-11-20","tipo_apresentacao":"E","data_publicacao":null,"numero_origem_externa":"","ano_origem_externa":null,"data_origem_externa":null,"apelido":"","dias_prazo":null,"data_fim_prazo":null,"em_tramitacao":true,"polemica":false,"objeto":"","complementar":false,"ementa":"MO\u00c7\u00c3O N\u00ba 001/2023, DE CELEBRA\u00c7\u00d5ES PELO BICENTEN\u00c1RIO DE NOME\u00c7\u00c3O DO ACARIENSE THOMAZ DE ARA\u00daJO PEREIRA (3\u00ba), NO CARGO DE 1\u00ba PRESIDENTE DA PROVINCIA DO RIO GRANDE DO NORTE, COMEMORADO EM 25 DE NOVEMBRO DE 2023","indexacao":"","observacao":"","resultado":"","texto_original":null,"data_ultima_atualizacao":"2023-11-20T19:18:25.707893-03:00","ip":"131.221.196.9","ultima_edicao":"2023-11-20T19:16:56.190173-03:00","tipo":7,"regime_tramitacao":1,"tipo_origem_externa":null,"local_origem_externa":null,"user":33,"anexadas":[],"autores":[23]}