{"id":4904,"__str__":"Indica\u00e7\u00e3o n\u00ba 85 de 2023","link_detail_backend":"/materia/4904","metadata":{"signs":{"texto_original":{"admin":[],"autores":[["Albervania Silva de Medeiros Costa",["2023-11-13T10:10:35-03:00","ICP-Brasil"]]]}}},"numero":85,"ano":2023,"numero_protocolo":null,"data_apresentacao":"2023-11-13","tipo_apresentacao":"E","data_publicacao":null,"numero_origem_externa":"","ano_origem_externa":null,"data_origem_externa":null,"apelido":"","dias_prazo":null,"data_fim_prazo":null,"em_tramitacao":false,"polemica":false,"objeto":"","complementar":false,"ementa":"A Vereadora signat\u00e1ria, no uso de sua fun\u00e7\u00e3o legislativa, e, nos termos regimentais, REQUER de Vossa Excel\u00eancia, depois de ouvido o Plen\u00e1rio seja enviado expediente ao Chefe do Poder Executivo Municipal, para que o mesmo tome as necess\u00e1rias provid\u00eancias no sentido de pavimentar as vias de acesso aos t\u00famulos do Cemit\u00e9rio Morada da Paz S\u00e3o Jo\u00e3o Batista.","indexacao":"","observacao":"","resultado":"","texto_original":"http://sapl.acari.rn.leg.br/media/sapl/public/materialegislativa/2023/4904/indicacao_no_085-2023-asmc.pdf","data_ultima_atualizacao":"2023-11-13T11:41:51.170069-03:00","ip":"131.221.196.9","ultima_edicao":"2023-11-13T11:40:17.943434-03:00","tipo":8,"regime_tramitacao":1,"tipo_origem_externa":null,"local_origem_externa":null,"user":16,"anexadas":[],"autores":[27]}