{"id":4902,"__str__":"Indica\u00e7\u00e3o n\u00ba 83 de 2023","link_detail_backend":"/materia/4902","metadata":{"signs":{"texto_original":{"admin":[],"autores":[["Albervania Silva de Medeiros Costa",["2023-11-13T10:08:21-03:00","ICP-Brasil"]]]}}},"numero":83,"ano":2023,"numero_protocolo":null,"data_apresentacao":"2023-11-13","tipo_apresentacao":"","data_publicacao":null,"numero_origem_externa":"","ano_origem_externa":null,"data_origem_externa":null,"apelido":"","dias_prazo":null,"data_fim_prazo":null,"em_tramitacao":false,"polemica":false,"objeto":"","complementar":false,"ementa":"A Vereadora signat\u00e1ria, no uso de suas fun\u00e7\u00f5es legislativas e nos termos regimentais, REQUER de Vossa Excel\u00eancia, depois de ouvido o Plen\u00e1rio, que seja enviado expediente ao Chefe do Poder Executivo Municipal, para que o mesmo dentro das possibilidades, possa fazer a cobertura do per\u00edmetro que corresponde desde a entrada at\u00e9 a capela do cemit\u00e9rio Morada da Paz S\u00e3o Jo\u00e3o Batista.","indexacao":"","observacao":"","resultado":"","texto_original":"http://sapl.acari.rn.leg.br/media/sapl/public/materialegislativa/2023/4902/indicacao_no_083-2023-asmc.pdf","data_ultima_atualizacao":"2023-11-13T11:37:34.198520-03:00","ip":"131.221.196.9","ultima_edicao":"2023-11-13T11:35:28.640165-03:00","tipo":8,"regime_tramitacao":1,"tipo_origem_externa":null,"local_origem_externa":null,"user":16,"anexadas":[],"autores":[27]}