{"id":4890,"__str__":"Projeto de Lei - Poder Legislativo n\u00ba 19 de 2023","link_detail_backend":"/materia/4890","metadata":{"signs":{"texto_original":{"admin":[],"autores":[["Albervania Silva de Medeiros Costa",["2023-11-06T10:56:46-03:00","ICP-Brasil"]],["Jose Rivaldo Lima",["2023-11-06T10:57:01-03:00","ICP-Brasil"]],["Nenilvan Rodrigues Bezerra",["2023-11-06T10:57:16-03:00","ICP-Brasil"]],["Rafael Bezerra de Brito Araujo",["2023-11-06T10:56:32-03:00","ICP-Brasil"]],["Rudyson Ric da Silva Santos",["2023-11-06T10:57:29-03:00","ICP-Brasil"]],["Zuil Ribeiro da Silva",["2023-11-06T10:57:42-03:00","ICP-Brasil"]]]}}},"numero":19,"ano":2023,"numero_protocolo":null,"data_apresentacao":"2023-10-30","tipo_apresentacao":"E","data_publicacao":null,"numero_origem_externa":"","ano_origem_externa":null,"data_origem_externa":null,"apelido":"","dias_prazo":null,"data_fim_prazo":null,"em_tramitacao":true,"polemica":false,"objeto":"","complementar":false,"ementa":"Denomina a pra\u00e7a localizada na Rua Aurino Pires e d\u00e1 outras provid\u00eancias.","indexacao":"","observacao":"","resultado":"","texto_original":"http://sapl.acari.rn.leg.br/media/sapl/public/materialegislativa/2023/4890/projeto_de_lei_no_019-2023_-_denomina_praca.pdf","data_ultima_atualizacao":"2023-11-06T11:52:11.407711-03:00","ip":"131.221.196.9","ultima_edicao":"2023-10-30T10:40:22.572393-03:00","tipo":18,"regime_tramitacao":1,"tipo_origem_externa":null,"local_origem_externa":null,"user":16,"anexadas":[],"autores":[27,22,23,37,39,10]}